{"id":161,"date":"2018-09-25T14:56:31","date_gmt":"2018-09-25T12:56:31","guid":{"rendered":"http:\/\/frankjankowski.de.w01a8fb4.kasserver.com\/wp_textblog\/?p=161"},"modified":"2020-04-09T15:07:47","modified_gmt":"2020-04-09T13:07:47","slug":"hochverehrte-exzellenzen-dieses-tekkno-clubs-oder-das-einzige-das-positiv-war-war-das-negativ","status":"publish","type":"post","link":"https:\/\/frankjankowski.de\/wp_textblog\/hochverehrte-exzellenzen-dieses-tekkno-clubs-oder-das-einzige-das-positiv-war-war-das-negativ\/","title":{"rendered":"Hochverehrte Exzellenzen dieses Tekkno-Clubs. Oder: Das einzige, das positiv war, war das Negativ."},"content":{"rendered":"\n<h3 class=\"wp-block-heading\">Stichwortartige Fixierung meiner Eindr\u00fccke vom TDI (Tag der Deutschen Industrie) am 24.-25.9.2018 am Gleisdreieck in Berlin<\/h3>\n\n\n\n<p>Kurz gesagt: alles was neulich am Forum Deutscher Mittelstand gut war, war hier schlecht: Alles viel zu dunkel, die W\u00e4nde schwarz, die vielen viel zu hellen, viel zu geb\u00fcndelten Lichter blenden einen auf Schritt und Tritt; allerorten gigantische Ausschnitte eines &#8211; zugegeben &#8211; vermutlich guten Gedichts \u00fcber das Risiko; aber nirgends ein Hinweis auf den Verfasser, und auch nirgendwo eine Erkl\u00e4rung, warum dieses Augenf\u00e4lligste, kulturell H\u00f6chstentwickelte hier unbedingt Englisch sein muss. Die Informationsmaterialien mit d\u00fcrftigen, unzureichenden Informationen als schwarze, schlecht gefaltete kleine Faltbl\u00e4tter in billigster Papierqualit\u00e4t, die nach einmaligem Entfalten bereits schmuddelig wirken. Das ganze ist vielmehr ein Tekknoclub als eine Veranstaltung der Deutschen Industrie, deren Besucher-Durchschnittsalter weit \u00fcber 50 liegt. Die Panels sind ungen\u00fcgend bis schlecht organisiert: Rund herum Krach. St\u00e4ndiges Kommen und Gehen gelangweilter G\u00e4ste. Das f\u00fcr mich wichtigste Gespr\u00e4ch findet in der v\u00f6llig \u00fcberdimensionierten Arena statt, die somit g\u00e4hnend leer wirkt. So etwas wie eine Publikumsbeteiligung ist hier gar nicht erst vorgesehen.<br>Unkapitalistisch komisch<br><strong>Das schlimmste:<\/strong> EINE einzige Kaffee-Ausgabe mit drei Barkeepern f\u00fcr rund 500 &#8211; 600 m\u00fcde Menschen. <strong>Das allerschlimmste:<\/strong> In der Pause zwischen den Veranstaltungen machen die Pause, so dass die hochverehrten Exzellenzen, die BDI-Chef Kempf in seiner langweiligen, komplett vom Blatt abgelesenen Rede begr\u00fc\u00dfte, ebenfalls Schlange stehen mussten &#8211; DAS allerdings war lustig, weil irgendwie extrem unkapitalistisch, also quasi surreal.<\/p>\n\n\n\n<p><strong>Das allerallerschlimmste:<\/strong> Der 3D-Druck wird stiefm\u00fctterlich behandelt, n\u00e4mlich gar nicht. Daf\u00fcr reden sie alle, also vor allem Dieter Kempf und Angela Merkel, \u00fcber K\u00fcnstliche Intelligenz &#8211; als ob auch nur einer von denen w\u00fcsste, was genau das eigentlich ist. Passend zur Einrichtung (oder dadurch beeinflusst?) malen sie auch alle unn\u00f6tig schwarz: Zum wichtigsten und zugleich schw\u00e4rzesten Thema unseres Landes erkl\u00e4rt Kempf die Steuerpolitik &#8211; dass ich nicht lache! Merkel kontert: es gebe noch etwas Schlimmeres: Die Batteriezellen werden hierzulande von den Chinesen hergestellt, nicht von uns selbst!<\/p>\n\n\n\n<p>Das einzige, das positiv war, war das Negativ von Industriefotograf <a href=\"http:\/\/www.morlinghaus.com\/\">Christoph Morlinghaus<\/a>, der seit zwei Jahren durch unsere Republik zieht und coole old school Gro\u00dfformat-Fotos von abgefahrenen Superlativen schie\u00dft, wobei \u201cschie\u00dfen\u201d bei teilweise einst\u00fcndigen Belichtungen seiner Platten wohl das falscheste alle m\u00f6glichen Verben sein d\u00fcrfte.<br>Das andere kleine Highlight war schwarz, n\u00e4mlich der Marzipandrucker von Procusini.<\/p>\n","protected":false},"excerpt":{"rendered":"<p>Stichwortartige Fixierung meiner Eindr\u00fccke vom TDI (Tag der Deutschen Industrie) am 24.-25.9.2018 am Gleisdreieck in Berlin Kurz gesagt: alles was <span class=\"more-text\">&hellip;<\/span><\/p>\n","protected":false},"author":1,"featured_media":84,"comment_status":"open","ping_status":"open","sticky":false,"template":"","format":"standard","meta":{"footnotes":""},"categories":[1,13],"tags":[19,20,18],"class_list":["post-161","post","type-post","status-publish","format-standard","has-post-thumbnail","hentry","category-allgemein","category-pamphlete","tag-angela-merkel","tag-dieter-kempf","tag-kuenstliche-intelligenz"],"_links":{"self":[{"href":"https:\/\/frankjankowski.de\/wp_textblog\/wp-json\/wp\/v2\/posts\/161","targetHints":{"allow":["GET"]}}],"collection":[{"href":"https:\/\/frankjankowski.de\/wp_textblog\/wp-json\/wp\/v2\/posts"}],"about":[{"href":"https:\/\/frankjankowski.de\/wp_textblog\/wp-json\/wp\/v2\/types\/post"}],"author":[{"embeddable":true,"href":"https:\/\/frankjankowski.de\/wp_textblog\/wp-json\/wp\/v2\/users\/1"}],"replies":[{"embeddable":true,"href":"https:\/\/frankjankowski.de\/wp_textblog\/wp-json\/wp\/v2\/comments?post=161"}],"version-history":[{"count":0,"href":"https:\/\/frankjankowski.de\/wp_textblog\/wp-json\/wp\/v2\/posts\/161\/revisions"}],"wp:featuredmedia":[{"embeddable":true,"href":"https:\/\/frankjankowski.de\/wp_textblog\/wp-json\/wp\/v2\/media\/84"}],"wp:attachment":[{"href":"https:\/\/frankjankowski.de\/wp_textblog\/wp-json\/wp\/v2\/media?parent=161"}],"wp:term":[{"taxonomy":"category","embeddable":true,"href":"https:\/\/frankjankowski.de\/wp_textblog\/wp-json\/wp\/v2\/categories?post=161"},{"taxonomy":"post_tag","embeddable":true,"href":"https:\/\/frankjankowski.de\/wp_textblog\/wp-json\/wp\/v2\/tags?post=161"}],"curies":[{"name":"wp","href":"https:\/\/api.w.org\/{rel}","templated":true}]}}